{"id":11339,"date":"2024-10-09T16:01:52","date_gmt":"2024-10-09T14:01:52","guid":{"rendered":"https:\/\/www.bifff.net\/halloween-2024\/"},"modified":"2024-10-10T12:53:57","modified_gmt":"2024-10-10T10:53:57","slug":"halloween-2024","status":"publish","type":"post","link":"https:\/\/www.bifff.net\/fr\/halloween-2024\/","title":{"rendered":"Halloween 2024"},"content":{"rendered":"\n<div class=\"container section-title-container\" ><h2 class=\"section-title section-title-center\"><b><\/b><span class=\"section-title-main\" >FANTASTIC FOREST \u2013 25.10.2024<\/span><b><\/b><\/h2><\/div>\n\n<p><span style=\"font-weight: 400;\">Ce qui est dommage, c\u2019est qu\u2019Halloween n\u2019est qu\u2019une fois par an\u2026 Sauf cette ann\u00e9e, gr\u00e2ce \u00e0 un pacte t\u00e9n\u00e9breux entre le BIFFF, MOUV\u2019 et la Commune de Forest. Cette Trinit\u00e9 Infernale a concoct\u00e9 une soir\u00e9e pr\u00e9-Halloween aux petits oignons rien que pour vous, chers serviteurs, le <\/span><b>vendredi 25 octobre<\/b><span style=\"font-weight: 400;\">. Et ce dans un ancien cin\u00e9ma de quartier, le Roma, tomb\u00e9 dans un sommeil profond des d\u00e9cennies durant jusqu\u2019\u00e0 son r\u00e9cent r\u00e9surrection sous le nom du <\/span><b>Centre Jules Verne<\/b><span style=\"font-weight: 400;\">, \u00e0 67 Chauss\u00e9e de Neerstalle \u00e0 Forest.\u00a0\u00a0<\/span><\/p>\n<p><span style=\"font-weight: 400;\">Le coup d&rsquo;envoi de la soir\u00e9e sera donn\u00e9 \u00e0 18 heures par une troupe hautement myst\u00e9rieuse qui vous mettra imm\u00e9diatement dans l&rsquo;ambiance. Vous pourriez r\u00e9galer vos yeux devant une expo steam-punk ou faire ton outing de vampire refoul\u00e9 avec l\u2019aide d\u2019une \u00e9quipe de maquilleurs pro.\u00a0<\/span><\/p>\n<p><span style=\"font-weight: 400;\">Vampire, vous avez dit vampire ? Et oui, et pas n\u2019importe laquelle\u00a0! Delphine Seyrig, toute en \u00e9l\u00e9gance d\u00e9cadente et de paillettes tr\u00e8s 70\u2019s v\u00eatue, incarne l\u2019\u00e9ternelle Comtesse B\u00e1thory \u00e0 la recherche de quelques mortels \u00e0 se mettre sous la dent \u00e0 Ostende. Histoire de ne pas prendre une ride. Tout \u00e0 l\u2019image du film, \u00ab\u00a0Les L\u00e8vres Rouges\u00a0\u00bb &#8211; ici on montre la version internationale <\/span><b>Daughters of Darkness<\/b><span style=\"font-weight: 400;\"> en anglais \u2013 de Harry K\u00fcmel, l\u2019un des rares films de vampires belges, dont l\u2019atmosph\u00e8re envo\u00fbtante et onirique reste intacte 50 ans plus tard.\u00a0<\/span><\/p>\n<p><span style=\"font-weight: 400;\">Cerise sur le g\u00e2teau\u00a0? Mister <\/span><b>Harry K\u00fcmel<\/b><span style=\"font-weight: 400;\"> himself, qui sera parmi nous pour introduire son film culte et r\u00e9pondre \u00e0 toutes vos questions pendant un <\/span><b>Q&amp;A<\/b><span style=\"font-weight: 400;\"> apr\u00e8s la s\u00e9ance. Et en amuse-bouche avant le plat principal, on projette le court <\/span><b>Au Suivant<\/b><span style=\"font-weight: 400;\">, un bijou noire belge du duo <\/span><b>Marco Bolla<\/b><span style=\"font-weight: 400;\"> et <\/span><b>Jeanne Remi<\/b><span style=\"font-weight: 400;\">.\u00a0<\/span><\/p>\n<p><span style=\"font-weight: 400;\">Bon app\u2019 ! Et n\u2019oubliez pas, les t\u00e2ches de sang se traitent au sel et \u00e0 l\u2019eau froide\u00a0! <\/span><\/p>\n<div class=\"row\"  id=\"row-1077191155\">\n\n\n\t<div id=\"col-1308615862\" class=\"col small-12 large-12\"  >\n\t\t\t\t<div class=\"col-inner text-center\"  >\n\t\t\t\n\t\t\t\n\n\t<div class=\"img has-hover x md-x lg-x y md-y lg-y\" id=\"image_955883294\">\n\t\t<a class=\"\" href=\"https:\/\/www.billetweb.fr\/fantastic-forest\" target=\"_blank\" rel=\"noopener\" >\t\t\t\t\t\t<div class=\"img-inner dark\" >\n\t\t\t<img loading=\"lazy\" decoding=\"async\" width=\"1629\" height=\"2560\" src=\"https:\/\/www.bifff.net\/wp-content\/uploads\/2024\/10\/Daughters_of_Darkness_SD-scaled.jpg\" class=\"attachment-original size-original\" alt=\"\" srcset=\"https:\/\/www.bifff.net\/wp-content\/uploads\/2024\/10\/Daughters_of_Darkness_SD-scaled.jpg 1629w, https:\/\/www.bifff.net\/wp-content\/uploads\/2024\/10\/Daughters_of_Darkness_SD-255x400.jpg 255w, https:\/\/www.bifff.net\/wp-content\/uploads\/2024\/10\/Daughters_of_Darkness_SD-509x800.jpg 509w, https:\/\/www.bifff.net\/wp-content\/uploads\/2024\/10\/Daughters_of_Darkness_SD-768x1207.jpg 768w, https:\/\/www.bifff.net\/wp-content\/uploads\/2024\/10\/Daughters_of_Darkness_SD-977x1536.jpg 977w, https:\/\/www.bifff.net\/wp-content\/uploads\/2024\/10\/Daughters_of_Darkness_SD-1303x2048.jpg 1303w, https:\/\/www.bifff.net\/wp-content\/uploads\/2024\/10\/Daughters_of_Darkness_SD-600x943.jpg 600w\" sizes=\"auto, (max-width: 1629px) 100vw, 1629px\" \/>\t\t\t\t\t\t\n\t\t\t\t\t<\/div>\n\t\t\t\t\t\t<\/a>\t\t\n<style>\n#image_955883294 {\n  width: 50%;\n}\n<\/style>\n\t<\/div>\n\t\n\n<div class=\"container section-title-container\" ><h3 class=\"section-title section-title-center\"><b><\/b><span class=\"section-title-main\" >Programme<\/span><b><\/b><\/h3><\/div>\n\n<ul>\n<li style=\"text-align: justify;\">\n<div>18:00 PORTES &#8211; Accueil avec animation par \u00c7a Sent Le Roussi + ouverture du bar<\/div>\n<\/li>\n<li style=\"text-align: justify;\">\n<div>18:00 &#8211; 20:00 Exposition du Centre Jules Verne accessible + maquillage par l&rsquo;\u00e9cole Annick Cayot (5 \u00e0 10 personnes peuvent se faire maquiller en public)<\/div>\n<\/li>\n<li style=\"text-align: justify;\">\n<div>20:00 Court m\u00e9trage \u00ab Au Suivant<\/div>\n<\/li>\n<li style=\"text-align: justify;\">\n<div>20:15 Introduction du film par Harry K\u00fcmel<\/div>\n<\/li>\n<li style=\"text-align: justify;\">\n<div>20:30 &lsquo;Les filles des t\u00e9n\u00e8bres&rsquo; (VO sous-titres FR\/NL)<\/div>\n<\/li>\n<li style=\"text-align: justify;\">\n<div>22:00 Q&amp;R avec Harry K\u00fcmel + r\u00e9ouverture du bar<\/div>\n<\/li>\n<\/ul>\n<a href=\"https:\/\/www.billetweb.fr\/fantastic-forest\" target=\"_blank\" class=\"button secondary\" rel=\"noopener\"  >\n\t\t<span>Achetez vos tickets ici<\/span>\n\t<\/a>\n\n\n\n\t\t<\/div>\n\t\t\t\t\t<\/div>\n\n\t\n\n<\/div>\n<div class=\"text-center\"><div class=\"is-divider divider clearfix\" style=\"max-width:80%;\"><\/div><\/div>\n\n\t<div class=\"img has-hover x md-x lg-x y md-y lg-y\" id=\"image_1025131906\">\n\t\t<a class=\"\" href=\"https:\/\/www.grignoux.be\/\/fr\/evenement\/2415\/letrange-nuit-des-grignoux\" target=\"_blank\" rel=\"noopener\" >\t\t\t\t\t\t<div class=\"img-inner dark\" >\n\t\t\t<img loading=\"lazy\" decoding=\"async\" width=\"8000\" height=\"1667\" src=\"https:\/\/www.bifff.net\/wp-content\/uploads\/2024\/10\/Les-Grignoux_Banner-Site_1920-x-400-px-_Plan-de-travail-1_Plan-de-travail-1.png\" class=\"attachment-original size-original\" alt=\"\" srcset=\"https:\/\/www.bifff.net\/wp-content\/uploads\/2024\/10\/Les-Grignoux_Banner-Site_1920-x-400-px-_Plan-de-travail-1_Plan-de-travail-1.png 8000w, https:\/\/www.bifff.net\/wp-content\/uploads\/2024\/10\/Les-Grignoux_Banner-Site_1920-x-400-px-_Plan-de-travail-1_Plan-de-travail-1-800x167.png 800w, https:\/\/www.bifff.net\/wp-content\/uploads\/2024\/10\/Les-Grignoux_Banner-Site_1920-x-400-px-_Plan-de-travail-1_Plan-de-travail-1-1400x292.png 1400w, https:\/\/www.bifff.net\/wp-content\/uploads\/2024\/10\/Les-Grignoux_Banner-Site_1920-x-400-px-_Plan-de-travail-1_Plan-de-travail-1-768x160.png 768w, https:\/\/www.bifff.net\/wp-content\/uploads\/2024\/10\/Les-Grignoux_Banner-Site_1920-x-400-px-_Plan-de-travail-1_Plan-de-travail-1-1536x320.png 1536w, https:\/\/www.bifff.net\/wp-content\/uploads\/2024\/10\/Les-Grignoux_Banner-Site_1920-x-400-px-_Plan-de-travail-1_Plan-de-travail-1-2048x427.png 2048w, https:\/\/www.bifff.net\/wp-content\/uploads\/2024\/10\/Les-Grignoux_Banner-Site_1920-x-400-px-_Plan-de-travail-1_Plan-de-travail-1-600x125.png 600w\" sizes=\"auto, (max-width: 8000px) 100vw, 8000px\" \/>\t\t\t\t\t\t\n\t\t\t\t\t<\/div>\n\t\t\t\t\t\t<\/a>\t\t\n<style>\n#image_1025131906 {\n  width: 100%;\n}\n<\/style>\n\t<\/div>\n\t\n\n\t<div id=\"gap-1093378981\" class=\"gap-element clearfix\" style=\"display:block; height:auto;\">\n\t\t\n<style>\n#gap-1093378981 {\n  padding-top: 30px;\n}\n<\/style>\n\t<\/div>\n\t\n\n<p><strong>Vivez une nuit d\u2019horreur dans les 4 salles du Sauveni\u00e8re\u00a0!<\/strong><\/p>\n<p><strong>Au programme de 20h \u00e0 4h30 :\u00a0<\/strong>les<strong>\u00a06 films d\u2019\u00e9pouvante cultes\u00a0<\/strong>que vous avez s\u00e9lectionn\u00e9s le mois dernier ainsi que<strong>\u00a0la cr\u00e8me de la cr\u00e8me des courts m\u00e9trages belges du BIFFF\u00a0<\/strong>(le Brussels International Fantastic Film Festival) !<\/p>\n<p><strong>Animations en salle\u00a0<\/strong>par l&rsquo;\u00e9quipe des Grignoux et ses partenaires<strong>\u00a0: le Pirate Movie Club, Transmission \u2013 le podcast et Mefamo.\u00a0<\/strong><\/p>\n<div class=\"row\"  id=\"row-1526218848\">\n\n\n\t<div id=\"col-1145629580\" class=\"col small-12 large-12\"  >\n\t\t\t\t<div class=\"col-inner text-center\"  >\n\t\t\t\n\t\t\t\n\n\t<div class=\"img has-hover x md-x lg-x y md-y lg-y\" id=\"image_1883931183\">\n\t\t<a class=\"\" href=\"https:\/\/www.grignoux.be\/\/fr\/evenement\/2415\/letrange-nuit-des-grignoux\" target=\"_blank\" rel=\"noopener\" >\t\t\t\t\t\t<div class=\"img-inner dark\" >\n\t\t\t<img loading=\"lazy\" decoding=\"async\" width=\"1380\" height=\"1930\" src=\"https:\/\/www.bifff.net\/wp-content\/uploads\/2024\/10\/Photo-Grignoux.jpg\" class=\"attachment-original size-original\" alt=\"\" srcset=\"https:\/\/www.bifff.net\/wp-content\/uploads\/2024\/10\/Photo-Grignoux.jpg 1380w, https:\/\/www.bifff.net\/wp-content\/uploads\/2024\/10\/Photo-Grignoux-286x400.jpg 286w, https:\/\/www.bifff.net\/wp-content\/uploads\/2024\/10\/Photo-Grignoux-572x800.jpg 572w, https:\/\/www.bifff.net\/wp-content\/uploads\/2024\/10\/Photo-Grignoux-768x1074.jpg 768w, https:\/\/www.bifff.net\/wp-content\/uploads\/2024\/10\/Photo-Grignoux-1098x1536.jpg 1098w, https:\/\/www.bifff.net\/wp-content\/uploads\/2024\/10\/Photo-Grignoux-600x839.jpg 600w\" sizes=\"auto, (max-width: 1380px) 100vw, 1380px\" \/>\t\t\t\t\t\t\n\t\t\t\t\t<\/div>\n\t\t\t\t\t\t<\/a>\t\t\n<style>\n#image_1883931183 {\n  width: 50%;\n}\n<\/style>\n\t<\/div>\n\t\n\n<a href=\"https:\/\/www.grignoux.be\/\/fr\/evenement\/2415\/letrange-nuit-des-grignoux\" target=\"_blank\" class=\"button secondary\" rel=\"noopener\"  >\n\t\t<span>Obtenez vos tickets<\/span>\n\t<\/a>\n\n\n\n\t\t<\/div>\n\t\t\t\t\t<\/div>\n\n\t\n\n<\/div>\n\n","protected":false},"excerpt":{"rendered":"","protected":false},"author":2,"featured_media":11327,"comment_status":"closed","ping_status":"closed","sticky":false,"template":"","format":"standard","meta":{"om_disable_all_campaigns":false,"_monsterinsights_skip_tracking":false,"_monsterinsights_sitenote_active":false,"_monsterinsights_sitenote_note":"","_monsterinsights_sitenote_category":0,"footnotes":""},"categories":[1115,116],"tags":[],"class_list":["post-11339","post","type-post","status-publish","format-standard","has-post-thumbnail","hentry","category-2024-fr","category-nouveautes"],"acf":[],"aioseo_notices":[],"_links":{"self":[{"href":"https:\/\/www.bifff.net\/fr\/wp-json\/wp\/v2\/posts\/11339","targetHints":{"allow":["GET"]}}],"collection":[{"href":"https:\/\/www.bifff.net\/fr\/wp-json\/wp\/v2\/posts"}],"about":[{"href":"https:\/\/www.bifff.net\/fr\/wp-json\/wp\/v2\/types\/post"}],"author":[{"embeddable":true,"href":"https:\/\/www.bifff.net\/fr\/wp-json\/wp\/v2\/users\/2"}],"replies":[{"embeddable":true,"href":"https:\/\/www.bifff.net\/fr\/wp-json\/wp\/v2\/comments?post=11339"}],"version-history":[{"count":3,"href":"https:\/\/www.bifff.net\/fr\/wp-json\/wp\/v2\/posts\/11339\/revisions"}],"predecessor-version":[{"id":11342,"href":"https:\/\/www.bifff.net\/fr\/wp-json\/wp\/v2\/posts\/11339\/revisions\/11342"}],"wp:featuredmedia":[{"embeddable":true,"href":"https:\/\/www.bifff.net\/fr\/wp-json\/wp\/v2\/media\/11327"}],"wp:attachment":[{"href":"https:\/\/www.bifff.net\/fr\/wp-json\/wp\/v2\/media?parent=11339"}],"wp:term":[{"taxonomy":"category","embeddable":true,"href":"https:\/\/www.bifff.net\/fr\/wp-json\/wp\/v2\/categories?post=11339"},{"taxonomy":"post_tag","embeddable":true,"href":"https:\/\/www.bifff.net\/fr\/wp-json\/wp\/v2\/tags?post=11339"}],"curies":[{"name":"wp","href":"https:\/\/api.w.org\/{rel}","templated":true}]}}